{"id":14052,"date":"2024-01-17T12:52:55","date_gmt":"2024-01-17T10:52:55","guid":{"rendered":"https:\/\/ifvcns.rs\/smart-sun\/?p=14052"},"modified":"2024-01-17T12:56:14","modified_gmt":"2024-01-17T10:56:14","slug":"sastanak-clanova-smart-sun-tima-zakljucak","status":"publish","type":"post","link":"https:\/\/ifvcns.rs\/smart-sun\/sastanak-clanova-smart-sun-tima-zakljucak\/","title":{"rendered":"Sastanak \u010clanova Smart SUN Tima &#8211; zaklju\u010dak 2023. godine"},"content":{"rendered":"<p>\u010clanovi Smart SUN tima su se okupili na va\u017enom sastanku koji je odr\u017ean 21. decembra 2023. godine kako bi diskutovali o klju\u010dnim pitanjima i planirali budu\u0107e korake u razvoju inovativnih re\u0161enja. Tokom sastanka, posebna pa\u017enja posve\u0107ena je predstavljanju budu\u0107ih planova tima.<\/p>\n<p>Dr. Sandra Cveji\u0107, istaknuta \u010dlanica tima, imala je priliku podeliti viziju za budu\u0107e projekte i istra\u017eivanja u oblasti Smart SUN inicijative. Njene inspirativne re\u010di usmerene su ka postizanju napretka i unapre\u0111enju odr\u017eivih tehnologija u sektoru.<\/p>\n<p>Dr. Milan Jockovi\u0107 je predstavio planove o obradi podataka, nagla\u0161avaju\u0107i zna\u010daj efikasnog upravljanja informacijama i analize podataka za postizanje optimalnih rezultata u istra\u017eivanjima Smart SUN tima.<\/p>\n<p>Dr. Bo\u0161ko Dedi\u0107, stru\u010dnjak u oblasti trenutnih ogleda, podelio je svoje iskustvo i informacije o aktuelnim istra\u017eivanjima, isti\u010du\u0107i klju\u010dne nalaze i trenutne izazove s kojima se tim suo\u010dava.<\/p>\n<p>Najzna\u010dajniji trenutak sastanka bio je priklju\u010denje novog \u010dlana tima, dr. Brankice Babec. Njoj je srda\u010dno upu\u0107ena dobrodo\u0161lica, a prisutni su izrazili radost zbog njenog pridru\u017eivanja timu. Dr. Babec je do\u0161la s bogatim iskustvom i stru\u010dnim znanjem koje \u0107e dodatno obogatiti istra\u017eiva\u010dki kapacitet Smart SUN tima.<\/p>\n<p>Sastanak je zavr\u0161en uz uzbu\u0111enje zbog budu\u0107ih projekata i suradnje me\u0111u \u010dlanovima tima, potvr\u0111uju\u0107i posve\u0107enost tima inovacijama u oblasti odr\u017eivosti i tehnolo\u0161kog razvoja.<\/p>\n\n\t\t<style type=\"text\/css\">\n\t\t\t#gallery-1 {\n\t\t\t\tmargin: auto;\n\t\t\t}\n\t\t\t#gallery-1 .gallery-item {\n\t\t\t\tfloat: left;\n\t\t\t\tmargin-top: 10px;\n\t\t\t\ttext-align: center;\n\t\t\t\twidth: 33%;\n\t\t\t}\n\t\t\t#gallery-1 img {\n\t\t\t\tborder: 2px solid #cfcfcf;\n\t\t\t}\n\t\t\t#gallery-1 .gallery-caption {\n\t\t\t\tmargin-left: 0;\n\t\t\t}\n\t\t\t\/* see gallery_shortcode() in wp-includes\/media.php *\/\n\t\t<\/style>\n\t\t<div id='gallery-1' class='gallery galleryid-14052 gallery-columns-3 gallery-size-thumbnail'><dl class='gallery-item'>\n\t\t\t<dt class='gallery-icon landscape'>\n\t\t\t\t<a data-rel=\"iLightbox[postimages]\" data-title=\"2023-12-21 09-17-56\" data-caption=\"\" href='https:\/\/ifvcns.rs\/smart-sun\/sastanak-clanova-smart-sun-tima-zakljucak\/2023-12-21-09-17-56\/'><img decoding=\"async\" width=\"150\" height=\"150\" src=\"https:\/\/ifvcns.rs\/smart-sun\/wp-content\/uploads\/2024\/01\/2023-12-21-09-17-56-150x150.jpg\" class=\"attachment-thumbnail size-thumbnail lazyload\" alt=\"\" srcset=\"data:image\/svg+xml,%3Csvg%20xmlns%3D%27http%3A%2F%2Fwww.w3.org%2F2000%2Fsvg%27%20width%3D%272560%27%20height%3D%271920%27%20viewBox%3D%270%200%202560%201920%27%3E%3Crect%20width%3D%272560%27%20height%3D%271920%27%20fill-opacity%3D%220%22%2F%3E%3C%2Fsvg%3E\" data-orig-src=\"https:\/\/ifvcns.rs\/smart-sun\/wp-content\/uploads\/2024\/01\/2023-12-21-09-17-56-150x150.jpg\" data-srcset=\"https:\/\/ifvcns.rs\/smart-sun\/wp-content\/uploads\/2024\/01\/2023-12-21-09-17-56-66x66.jpg 66w, https:\/\/ifvcns.rs\/smart-sun\/wp-content\/uploads\/2024\/01\/2023-12-21-09-17-56-150x150.jpg 150w\" data-sizes=\"auto\" \/><\/a>\n\t\t\t<\/dt><\/dl><dl class='gallery-item'>\n\t\t\t<dt class='gallery-icon landscape'>\n\t\t\t\t<a data-rel=\"iLightbox[postimages]\" data-title=\"2023-12-21 09-09-59\" data-caption=\"\" href='https:\/\/ifvcns.rs\/smart-sun\/sastanak-clanova-smart-sun-tima-zakljucak\/2023-12-21-09-09-59\/'><img decoding=\"async\" width=\"150\" height=\"150\" src=\"https:\/\/ifvcns.rs\/smart-sun\/wp-content\/uploads\/2024\/01\/2023-12-21-09-09-59-150x150.jpg\" class=\"attachment-thumbnail size-thumbnail lazyload\" alt=\"\" srcset=\"data:image\/svg+xml,%3Csvg%20xmlns%3D%27http%3A%2F%2Fwww.w3.org%2F2000%2Fsvg%27%20width%3D%272560%27%20height%3D%271920%27%20viewBox%3D%270%200%202560%201920%27%3E%3Crect%20width%3D%272560%27%20height%3D%271920%27%20fill-opacity%3D%220%22%2F%3E%3C%2Fsvg%3E\" data-orig-src=\"https:\/\/ifvcns.rs\/smart-sun\/wp-content\/uploads\/2024\/01\/2023-12-21-09-09-59-150x150.jpg\" data-srcset=\"https:\/\/ifvcns.rs\/smart-sun\/wp-content\/uploads\/2024\/01\/2023-12-21-09-09-59-66x66.jpg 66w, https:\/\/ifvcns.rs\/smart-sun\/wp-content\/uploads\/2024\/01\/2023-12-21-09-09-59-150x150.jpg 150w\" data-sizes=\"auto\" \/><\/a>\n\t\t\t<\/dt><\/dl><dl class='gallery-item'>\n\t\t\t<dt class='gallery-icon landscape'>\n\t\t\t\t<a data-rel=\"iLightbox[postimages]\" data-title=\"2023-12-21 08-30-36\" data-caption=\"\" href='https:\/\/ifvcns.rs\/smart-sun\/sastanak-clanova-smart-sun-tima-zakljucak\/2023-12-21-08-30-36\/'><img decoding=\"async\" width=\"150\" height=\"150\" src=\"https:\/\/ifvcns.rs\/smart-sun\/wp-content\/uploads\/2024\/01\/2023-12-21-08-30-36-150x150.jpg\" class=\"attachment-thumbnail size-thumbnail lazyload\" alt=\"\" srcset=\"data:image\/svg+xml,%3Csvg%20xmlns%3D%27http%3A%2F%2Fwww.w3.org%2F2000%2Fsvg%27%20width%3D%272560%27%20height%3D%271920%27%20viewBox%3D%270%200%202560%201920%27%3E%3Crect%20width%3D%272560%27%20height%3D%271920%27%20fill-opacity%3D%220%22%2F%3E%3C%2Fsvg%3E\" data-orig-src=\"https:\/\/ifvcns.rs\/smart-sun\/wp-content\/uploads\/2024\/01\/2023-12-21-08-30-36-150x150.jpg\" data-srcset=\"https:\/\/ifvcns.rs\/smart-sun\/wp-content\/uploads\/2024\/01\/2023-12-21-08-30-36-66x66.jpg 66w, https:\/\/ifvcns.rs\/smart-sun\/wp-content\/uploads\/2024\/01\/2023-12-21-08-30-36-150x150.jpg 150w\" data-sizes=\"auto\" \/><\/a>\n\t\t\t<\/dt><\/dl><br style=\"clear: both\" \/><dl class='gallery-item'>\n\t\t\t<dt class='gallery-icon landscape'>\n\t\t\t\t<a data-rel=\"iLightbox[postimages]\" data-title=\"2023-12-21 09-39-12\" data-caption=\"\" href='https:\/\/ifvcns.rs\/smart-sun\/sastanak-clanova-smart-sun-tima-zakljucak\/2023-12-21-09-39-12\/'><img decoding=\"async\" width=\"150\" height=\"150\" src=\"https:\/\/ifvcns.rs\/smart-sun\/wp-content\/uploads\/2024\/01\/2023-12-21-09-39-12-150x150.jpg\" class=\"attachment-thumbnail size-thumbnail lazyload\" alt=\"\" srcset=\"data:image\/svg+xml,%3Csvg%20xmlns%3D%27http%3A%2F%2Fwww.w3.org%2F2000%2Fsvg%27%20width%3D%272560%27%20height%3D%271920%27%20viewBox%3D%270%200%202560%201920%27%3E%3Crect%20width%3D%272560%27%20height%3D%271920%27%20fill-opacity%3D%220%22%2F%3E%3C%2Fsvg%3E\" data-orig-src=\"https:\/\/ifvcns.rs\/smart-sun\/wp-content\/uploads\/2024\/01\/2023-12-21-09-39-12-150x150.jpg\" data-srcset=\"https:\/\/ifvcns.rs\/smart-sun\/wp-content\/uploads\/2024\/01\/2023-12-21-09-39-12-66x66.jpg 66w, https:\/\/ifvcns.rs\/smart-sun\/wp-content\/uploads\/2024\/01\/2023-12-21-09-39-12-150x150.jpg 150w\" data-sizes=\"auto\" \/><\/a>\n\t\t\t<\/dt><\/dl>\n\t\t\t<br style='clear: both' \/>\n\t\t<\/div>\n\n<p>&nbsp;<\/p>\n","protected":false},"excerpt":{"rendered":"<p>\u010clanovi Smart SUN tima su se okupili na va\u017enom sastanku koji je odr\u017ean 21. decembra 2023. godine kako bi diskutovali o klju\u010dnim pitanjima i planirali budu\u0107e korake u razvoju inovativnih re\u0161enja. Tokom sastanka, posebna pa\u017enja posve\u0107ena je predstavljanju budu\u0107ih planova tima. Dr. Sandra Cveji\u0107, istaknuta \u010dlanica tima, imala je priliku  [&#8230;]<\/p>\n","protected":false},"author":6,"featured_media":14053,"comment_status":"open","ping_status":"open","sticky":false,"template":"","format":"standard","meta":{"footnotes":""},"categories":[2526],"tags":[],"class_list":["post-14052","post","type-post","status-publish","format-standard","has-post-thumbnail","hentry","category-smartsun-vesti"],"_links":{"self":[{"href":"https:\/\/ifvcns.rs\/smart-sun\/wp-json\/wp\/v2\/posts\/14052","targetHints":{"allow":["GET"]}}],"collection":[{"href":"https:\/\/ifvcns.rs\/smart-sun\/wp-json\/wp\/v2\/posts"}],"about":[{"href":"https:\/\/ifvcns.rs\/smart-sun\/wp-json\/wp\/v2\/types\/post"}],"author":[{"embeddable":true,"href":"https:\/\/ifvcns.rs\/smart-sun\/wp-json\/wp\/v2\/users\/6"}],"replies":[{"embeddable":true,"href":"https:\/\/ifvcns.rs\/smart-sun\/wp-json\/wp\/v2\/comments?post=14052"}],"version-history":[{"count":2,"href":"https:\/\/ifvcns.rs\/smart-sun\/wp-json\/wp\/v2\/posts\/14052\/revisions"}],"predecessor-version":[{"id":14058,"href":"https:\/\/ifvcns.rs\/smart-sun\/wp-json\/wp\/v2\/posts\/14052\/revisions\/14058"}],"wp:featuredmedia":[{"embeddable":true,"href":"https:\/\/ifvcns.rs\/smart-sun\/wp-json\/wp\/v2\/media\/14053"}],"wp:attachment":[{"href":"https:\/\/ifvcns.rs\/smart-sun\/wp-json\/wp\/v2\/media?parent=14052"}],"wp:term":[{"taxonomy":"category","embeddable":true,"href":"https:\/\/ifvcns.rs\/smart-sun\/wp-json\/wp\/v2\/categories?post=14052"},{"taxonomy":"post_tag","embeddable":true,"href":"https:\/\/ifvcns.rs\/smart-sun\/wp-json\/wp\/v2\/tags?post=14052"}],"curies":[{"name":"wp","href":"https:\/\/api.w.org\/{rel}","templated":true}]}}