{"id":13769,"date":"2022-09-28T14:45:37","date_gmt":"2022-09-28T12:45:37","guid":{"rendered":"https:\/\/ifvcns.rs\/smart-sun\/?p=13769"},"modified":"2022-09-28T19:56:58","modified_gmt":"2022-09-28T17:56:58","slug":"ucestvovanje-na-63-savetovanju-proizvodnje-i-prerade-uljarica","status":"publish","type":"post","link":"https:\/\/ifvcns.rs\/smart-sun\/ucestvovanje-na-63-savetovanju-proizvodnje-i-prerade-uljarica\/","title":{"rendered":"U\u010cESTVOVANJE NA 63. SAVETOVANJU PROIZVODNJE I PRERADE ULJARICA"},"content":{"rendered":"<p>U perodu od 26. juna do 1. jula u Herceg Novom je odr\u017eano 63. SAVETOVANJE PROIZVODNJA I PRERADA ULJARICA koju organizuju Tehnolo\u0161ki fakultet, Univerziteta u Novom Sadu, Institut za ratarstvo i povrtarstvo, Institut od nacionalnog zna\u010daja za Republiku Srbiju, Novi Sad kao i DOO \u201eIndustrijsko bilje\u201d Novi Sad i Savet tehnologa industrije ulja.<\/p>\n<p>\u010clan projektnog tima dr Sandra Cveji\u0107 je imala usmenu prezentaciju rada na kojem se tako\u0111e nalaze i drugi \u010dlanovi projektnog tima:<\/p>\n<p><b>Sandra Cveji\u0107, Sini\u0161a Joci\u0107, Milan Jockovi\u0107, Nemanja \u0106uk<\/b><span style=\"font-weight: 400;\">, Nedjeljko Klisuri\u0107, Ilija Radeka, Simona Ja\u0107imovi\u0107, Nada Grahovac, Vladimir Mikli\u010d (2022) Impact of climate factors on oil yield of NS sunflower hybrids. Proceeding of the 63rd\u00a0 Conference &#8220;Production and Processing of Oilseeds&#8221; with international participation, 26. Jun &#8211; 01. Jul 2022, Herceg Novi, 25-32.<\/span><\/p>\n<p>Ovaj skup je bio odli\u010dna prilika da se projekat pribli\u017ei ne samo ostalim nau\u010dnim radnicima iz regiona ve\u0107 i predstavnicima koji rade u industriji prerade ulja.<\/p>\n","protected":false},"excerpt":{"rendered":"<p>U perodu od 26. juna do 1. jula u Herceg Novom je odr\u017eano 63. SAVETOVANJE PROIZVODNJA I PRERADA ULJARICA koju organizuju Tehnolo\u0161ki fakultet, Univerziteta u Novom Sadu, Institut za ratarstvo i povrtarstvo, Institut od nacionalnog zna\u010daja za Republiku Srbiju, Novi Sad kao i DOO \u201eIndustrijsko bilje\u201d Novi Sad i Savet  [&#8230;]<\/p>\n","protected":false},"author":6,"featured_media":13771,"comment_status":"open","ping_status":"open","sticky":false,"template":"","format":"standard","meta":{"footnotes":""},"categories":[2526],"tags":[],"class_list":["post-13769","post","type-post","status-publish","format-standard","has-post-thumbnail","hentry","category-smartsun-vesti"],"_links":{"self":[{"href":"https:\/\/ifvcns.rs\/smart-sun\/wp-json\/wp\/v2\/posts\/13769","targetHints":{"allow":["GET"]}}],"collection":[{"href":"https:\/\/ifvcns.rs\/smart-sun\/wp-json\/wp\/v2\/posts"}],"about":[{"href":"https:\/\/ifvcns.rs\/smart-sun\/wp-json\/wp\/v2\/types\/post"}],"author":[{"embeddable":true,"href":"https:\/\/ifvcns.rs\/smart-sun\/wp-json\/wp\/v2\/users\/6"}],"replies":[{"embeddable":true,"href":"https:\/\/ifvcns.rs\/smart-sun\/wp-json\/wp\/v2\/comments?post=13769"}],"version-history":[{"count":2,"href":"https:\/\/ifvcns.rs\/smart-sun\/wp-json\/wp\/v2\/posts\/13769\/revisions"}],"predecessor-version":[{"id":13774,"href":"https:\/\/ifvcns.rs\/smart-sun\/wp-json\/wp\/v2\/posts\/13769\/revisions\/13774"}],"wp:featuredmedia":[{"embeddable":true,"href":"https:\/\/ifvcns.rs\/smart-sun\/wp-json\/wp\/v2\/media\/13771"}],"wp:attachment":[{"href":"https:\/\/ifvcns.rs\/smart-sun\/wp-json\/wp\/v2\/media?parent=13769"}],"wp:term":[{"taxonomy":"category","embeddable":true,"href":"https:\/\/ifvcns.rs\/smart-sun\/wp-json\/wp\/v2\/categories?post=13769"},{"taxonomy":"post_tag","embeddable":true,"href":"https:\/\/ifvcns.rs\/smart-sun\/wp-json\/wp\/v2\/tags?post=13769"}],"curies":[{"name":"wp","href":"https:\/\/api.w.org\/{rel}","templated":true}]}}