{"id":13903,"date":"2023-10-23T11:04:28","date_gmt":"2023-10-23T09:04:28","guid":{"rendered":"https:\/\/ifvcns.rs\/climate-crops\/?p=13903"},"modified":"2024-10-28T09:06:16","modified_gmt":"2024-10-28T07:06:16","slug":"kretanje-kroz-nove-evropske-horizonte-putovanje-nase-institucije-je-pocelo","status":"publish","type":"post","link":"https:\/\/ifvcns.rs\/climate-crops\/climatecrops-sr\/kretanje-kroz-nove-evropske-horizonte-putovanje-nase-institucije-je-pocelo\/","title":{"rendered":"Kretanje kroz nove evropske horizonte: putovanje na\u0161e institucije je po\u010delo"},"content":{"rendered":"<div class=\"fusion-fullwidth fullwidth-box fusion-builder-row-1 fusion-flex-container nonhundred-percent-fullwidth non-hundred-percent-height-scrolling\" style=\"--awb-border-radius-top-left:0px;--awb-border-radius-top-right:0px;--awb-border-radius-bottom-right:0px;--awb-border-radius-bottom-left:0px;--awb-padding-top:33px;--awb-flex-wrap:wrap;\" ><div class=\"fusion-builder-row fusion-row fusion-flex-align-items-center fusion-flex-justify-content-center fusion-flex-content-wrap\" style=\"max-width:1352px;margin-left: calc(-4% \/ 2 );margin-right: calc(-4% \/ 2 );\"><div class=\"fusion-layout-column fusion_builder_column fusion-builder-column-0 fusion_builder_column_3_4 3_4 fusion-flex-column\" style=\"--awb-bg-size:cover;--awb-width-large:75%;--awb-margin-top-large:0px;--awb-spacing-right-large:2.56%;--awb-margin-bottom-large:0px;--awb-spacing-left-large:2.56%;--awb-width-medium:100%;--awb-spacing-right-medium:1.92%;--awb-spacing-left-medium:1.92%;--awb-width-small:100%;--awb-spacing-right-small:1.92%;--awb-spacing-left-small:1.92%;\"><div class=\"fusion-column-wrapper fusion-flex-justify-content-flex-start fusion-content-layout-column\"><div class=\"fusion-text fusion-text-1\"><p style=\"text-align: justify;\">Globalna saradnja eksperata iz oblasti ekologije, ekonomije, genetike i biotehnologije rezultovala je formiranjem konzorcijuma usmerenog na istra\u017eivanje suncokreta. Projekat HelEx (Helianthus Extremophiles), koga \u010dini 18 partnera, ima za cilj razvoj sorti suncokreta otpornog na visoke temperature i su\u0161u, uz o\u010duvanje kvaliteta proizvodnje i biodiverziteta.<\/p>\n<p style=\"text-align: justify; \">Klimatske promene su ozbiljno uticale na proizvodnju semena suncokreta, potencijalno smanjujuc\u0301i prinose za 20% do 50% \u0161irom Evrope. U odgovor na ove promene, pokrenut je projekat HelEx, u kojem \u0107e se  koristiti ekstremofilne divlje vrste Helianthus-a kako bi se stvorili hibridi suncokreta otporni na nepovoljno dejstvo klimatskih \u010dinilaca. Projekat je zapo\u010det u maju 2023. godine i traja\u0107e \u010detiri godine. Prvi sastanak, koji je ozna\u010dio zvani\u010dan po\u010detak aktivnosti, organizovan je od 25. do 27. septembra 2023. godine u INRAE Occitanie-Toulouse centru. Projektom je predvi\u0111eno istra\u017eivanje geneti\u010dke varijacije divljih vrsta kako bi se pobolj\u0161ala poljoprivredna proizvodnja, sa\u010duvali resursi za opra\u0161iva\u010de i promovisao biodiverzitet.<\/p>\n<p style=\"text-align: justify; \">Sekvenciranjem genoma divljih vrsta suncokreta i uno\u0161enjem korisnih geneti\u010dkih varijacija u gajeni suncokret, tokom HelEx projekta \u0107e se testirati njihova efikasnost u poljoprivrednoj proizvodnji, smanjenju potro\u0161nje vode i smanjenju emisije gasova sa efektom staklene ba\u0161te. Projekat se tako\u0111e fokusira na razvoj novih tehnika oplemenjivanja, prou\u010davanje kvaliteta semena i razumevanje procesa transformacije. Ovaj program Horizon Europe, finansiran od strane Evropske unije i podr\u017ean od strane Kanade, objedinjuje istra\u017eiva\u010de, mala i srednja preduzec\u0301a i partnere iz industrije iz devet zemalja.<\/p>\n<div class=\"group final-completion w-full text-token-text-primary border-b border-black\/10 gizmo:border-0 dark:border-gray-900\/50 gizmo:dark:border-0 bg-gray-50 gizmo:bg-transparent dark:bg-&#091;#444654&#093; gizmo:dark:bg-transparent\" data-testid=\"conversation-turn-5\">\n<div class=\"p-4 justify-center text-base md:gap-6 md:py-6 m-auto\">\n<div class=\"flex flex-1 gap-4 text-base mx-auto md:gap-6 gizmo:gap-3 gizmo:md:px-5 gizmo:lg:px-1 gizmo:xl:px-5 md:max-w-2xl lg:max-w-&#091;38rem&#093; gizmo:md:max-w-3xl gizmo:lg:max-w-&#091;40rem&#093; gizmo:xl:max-w-&#091;48rem&#093; xl:max-w-3xl }\">\n<div class=\"relative flex w-&#091;calc(100%-50px)&#093; flex-col gizmo:w-full lg:w-&#091;calc(100%-115px)&#093; agent-turn\">\n<div class=\"flex-col gap-1 md:gap-3\">\n<div class=\"flex flex-grow flex-col gap-3 max-w-full\">\n<div class=\"min-h-&#091;20px&#093; flex flex-col items-start gap-3 whitespace-pre-wrap break-words overflow-x-auto\">\n<div class=\"markdown prose w-full break-words dark:prose-invert dark\">\n<p style=\"text-align: justify; \">Ubrzavanjem inovacija i podsticanjem rezilijentne, ekolo\u0161ke poljoprivrede, HelEx projekat ne samo \u0161to se bavi izazovima u gajenju suncokreta, ve\u0107 i smanjuje zavisnost Evropske unije od uvoza biljnih ulja i proteina, promovi\u0161u\u0107i odr\u017eive alternative.<\/p>\n<\/div>\n<\/div>\n<\/div>\n<div class=\"flex justify-between empty:hidden gizmo:justify-start gizmo:gap-3 lg:block\">\n<div class=\"text-gray-400 flex self-end lg:self-center justify-center gizmo:lg:justify-start mt-2 gizmo:mt-0 visible lg:gap-1 lg:absolute lg:top-0 lg:translate-x-full lg:right-0 lg:mt-0 lg:pl-2 gap-2 md:gap-3\">\n<p style=\"text-align: justify; \">\n<div class=\"flex gap-1 gizmo:gap-3\"><\/div>\n<\/div>\n<\/div>\n<\/div>\n<\/div>\n<\/div>\n<\/div>\n<\/div>\n<\/div><div class=\"awb-gallery-wrapper awb-gallery-wrapper-1 button-span-no\" style=\"--more-btn-alignment:center;\"><div style=\"margin:-5px;--awb-bordersize:0px;\" class=\"fusion-gallery fusion-gallery-container fusion-grid-1 fusion-columns-total-1 fusion-gallery-layout-grid fusion-gallery-1\"><div style=\"padding:5px;\" class=\"fusion-grid-column fusion-gallery-column fusion-gallery-column-1 hover-type-none\"><div class=\"fusion-gallery-image\"><a href=\"https:\/\/ifvcns.rs\/climate-crops\/wp-content\/uploads\/2023\/10\/HelEx-group-photo-1.jpg\" rel=\"noreferrer\" data-rel=\"iLightbox[gallery_image_1]\" class=\"fusion-lightbox\" target=\"_self\"><img decoding=\"async\" src=\"https:\/\/ifvcns.rs\/climate-crops\/wp-content\/uploads\/2023\/10\/HelEx-group-photo-1.jpg\" data-orig-src=\"https:\/\/ifvcns.rs\/climate-crops\/wp-content\/uploads\/2023\/10\/HelEx-group-photo-1.jpg\" width=\"2500\" height=\"1202\" alt=\"Grupna fotografija u\u010desnika prvog sastanka HelEx projekta\" title=\"HelEx group photo\" aria-label=\"HelEx group photo\" class=\"lazyload img-responsive wp-image-13904\" srcset=\"data:image\/svg+xml,%3Csvg%20xmlns%3D%27http%3A%2F%2Fwww.w3.org%2F2000%2Fsvg%27%20width%3D%272500%27%20height%3D%271202%27%20viewBox%3D%270%200%202500%201202%27%3E%3Crect%20width%3D%272500%27%20height%3D%271202%27%20fill-opacity%3D%220%22%2F%3E%3C%2Fsvg%3E\" data-srcset=\"https:\/\/ifvcns.rs\/climate-crops\/wp-content\/uploads\/2023\/10\/HelEx-group-photo-1-200x96.jpg 200w, https:\/\/ifvcns.rs\/climate-crops\/wp-content\/uploads\/2023\/10\/HelEx-group-photo-1-400x192.jpg 400w, https:\/\/ifvcns.rs\/climate-crops\/wp-content\/uploads\/2023\/10\/HelEx-group-photo-1-600x288.jpg 600w, https:\/\/ifvcns.rs\/climate-crops\/wp-content\/uploads\/2023\/10\/HelEx-group-photo-1-800x385.jpg 800w, https:\/\/ifvcns.rs\/climate-crops\/wp-content\/uploads\/2023\/10\/HelEx-group-photo-1-1200x577.jpg 1200w, https:\/\/ifvcns.rs\/climate-crops\/wp-content\/uploads\/2023\/10\/HelEx-group-photo-1.jpg 2500w\" data-sizes=\"auto\" data-orig-sizes=\"(min-width: 2200px) 100vw, (min-width: 640px) 1300px, \" \/><\/a><\/div><\/div><div class=\"clearfix\"><\/div><\/div><\/div><\/div><\/div><\/div><\/div>\n","protected":false},"excerpt":{"rendered":"","protected":false},"author":7,"featured_media":13904,"comment_status":"open","ping_status":"open","sticky":false,"template":"","format":"standard","meta":{"footnotes":""},"categories":[2569],"tags":[2666,2668,2672,1811,2646,2670,143],"class_list":["post-13903","post","type-post","status-publish","format-standard","has-post-thumbnail","hentry","category-climatecrops-sr","tag-biodiverzitet","tag-genom","tag-helex-sr","tag-helianthus-sr","tag-horizon-europe","tag-sekvenciranje","tag-suncokret"],"_links":{"self":[{"href":"https:\/\/ifvcns.rs\/climate-crops\/wp-json\/wp\/v2\/posts\/13903","targetHints":{"allow":["GET"]}}],"collection":[{"href":"https:\/\/ifvcns.rs\/climate-crops\/wp-json\/wp\/v2\/posts"}],"about":[{"href":"https:\/\/ifvcns.rs\/climate-crops\/wp-json\/wp\/v2\/types\/post"}],"author":[{"embeddable":true,"href":"https:\/\/ifvcns.rs\/climate-crops\/wp-json\/wp\/v2\/users\/7"}],"replies":[{"embeddable":true,"href":"https:\/\/ifvcns.rs\/climate-crops\/wp-json\/wp\/v2\/comments?post=13903"}],"version-history":[{"count":5,"href":"https:\/\/ifvcns.rs\/climate-crops\/wp-json\/wp\/v2\/posts\/13903\/revisions"}],"predecessor-version":[{"id":14548,"href":"https:\/\/ifvcns.rs\/climate-crops\/wp-json\/wp\/v2\/posts\/13903\/revisions\/14548"}],"wp:featuredmedia":[{"embeddable":true,"href":"https:\/\/ifvcns.rs\/climate-crops\/wp-json\/wp\/v2\/media\/13904"}],"wp:attachment":[{"href":"https:\/\/ifvcns.rs\/climate-crops\/wp-json\/wp\/v2\/media?parent=13903"}],"wp:term":[{"taxonomy":"category","embeddable":true,"href":"https:\/\/ifvcns.rs\/climate-crops\/wp-json\/wp\/v2\/categories?post=13903"},{"taxonomy":"post_tag","embeddable":true,"href":"https:\/\/ifvcns.rs\/climate-crops\/wp-json\/wp\/v2\/tags?post=13903"}],"curies":[{"name":"wp","href":"https:\/\/api.w.org\/{rel}","templated":true}]}}